{"id":4585,"date":"2012-04-17T00:06:40","date_gmt":"2012-04-16T21:06:40","guid":{"rendered":"https:\/\/dirisukilisesi.org\/?p=4585"},"modified":"2018-08-03T17:58:17","modified_gmt":"2018-08-03T14:58:17","slug":"mesihin-carmihi","status":"publish","type":"post","link":"https:\/\/dirisukilisesi.org\/index.php\/2012\/04\/17\/mesihin-carmihi\/","title":{"rendered":"Mesih&#8217;in \u00c7arm\u0131h\u0131"},"content":{"rendered":"<p><em>Mesih&#8217;le birlikte \u00e7arm\u0131ha gerildim. Art\u0131k ben ya\u015fam\u0131yorum, Mesih bende ya\u015f\u0131yor. \u015eimdi bedende s\u00fcrd\u00fcrd\u00fc\u011f\u00fcm ya\u015fam\u0131, beni seven ve benim i\u00e7in kendini feda eden Tanr\u0131 O\u011flu&#8217;na imanla s\u00fcrd\u00fcr\u00fcyorum (Gal 2:20).<\/em><\/p>\n<p>\u0130ncil\u2019de \u0130br 13:20\u2019de Tanr\u0131\u2019n\u0131n ezeli kurtulu\u015f plan\u0131ndan s\u00f6z eder. Yani Tanr\u0131, daha d\u00fcnya yarat\u0131lmadan \u00f6nce b\u00fct\u00fcn insanl\u0131\u011f\u0131 kurtarmak i\u00e7in bir plan yapt\u0131. Yine \u0130ncil\u2019in Timoteos b\u00f6l\u00fcm\u00fcnde der ki Mesih \u0130sa\u2019da sa\u011flanan bu l\u00fctuf, yani \u0130ncil\u2019in kendisi zaman\u0131n \u00f6ncesinden tasarland\u0131. \u0130nsanlar \u0130ncil de\u011fi\u015ftirildi diyebilirler ancak bunun sadece Tanr\u0131 tasar\u0131s\u0131n\u0131 de\u011fi\u015ftirdi\u011fi taktirde m\u00fcmk\u00fcn olabilece\u011fine dikkat edilmelidir. B\u00f6yle diyenler Tanr\u0131\u2019y\u0131 sadakatsiz, s\u00f6z\u00fcnden d\u00f6nen bir konuma sokmu\u015f olurlar. Oysa Tanr\u0131 sad\u0131kt\u0131r, planlar\u0131n\u0131 de\u011fi\u015ftirmez. Tanr\u0131 d\u00fcn, bug\u00fcn ve sonsuza dek ayn\u0131d\u0131r.<\/p>\n<p>Pavlus, Mesih\u2019le birlikte \u00e7arm\u0131ha gerildik diyor. Yani Mesih \u00e7arm\u0131hta \u00f6ld\u00fc\u011f\u00fcnde biz de onunla \u00f6ld\u00fck. Bu d\u00fcnyada ya\u015fama devam ediyor olsak da bu, Tanr\u0131\u2019n\u0131n O\u011flu\u2019na imanla s\u00fcrd\u00fcrd\u00fc\u011f\u00fcm\u00fcz bir ya\u015famd\u0131r.<\/p>\n<p>Peki, bu tasar\u0131da Mesih\u2019in \u00f6l\u00fcm\u00fcne neden ihtiya\u00e7 vard\u0131? Bu ba\u011flamda Mesih\u2019in \u00e7arm\u0131htaki \u00f6l\u00fcm\u00fcn\u00fcn Kutsal Yasa\u2019da nas\u0131l a\u00e7\u0131kland\u0131\u011f\u0131n\u0131 sizlerle payla\u015fmak istiyorum. Bununla ilgili pek \u00e7ok ayet var ancak sadece birka\u00e7\u0131na de\u011finece\u011fiz.<\/p>\n<p>Ye\u015faya, \u0130sa\u2019dan yedi y\u00fcz y\u0131l \u00f6nce ya\u015fam\u0131\u015f bir peygamberdi. Kendisi Ye\u015faya kitab\u0131n\u0131n 53. b\u00f6l\u00fcm\u00fc boyunca Mesih daha d\u00fcnyaya gelmeden onun \u00f6l\u00fcm\u00fcnden s\u00f6z ediyor. Kurtulu\u015fumuzu sa\u011flamak, esenli\u011fe kavu\u015fmam\u0131z i\u00e7in Tanr\u0131 hepimizin cezas\u0131n\u0131 ona y\u00fckledi diyor. \u0130sa lekesiz, g\u00fcnahs\u0131z kurban kuzusuydu. Mezar\u0131n\u0131n zenginin yan\u0131nda olaca\u011f\u0131ndan bile s\u00f6z ediyor. Ye\u015faya, iyi haberi de veriyor: O \u00f6ld\u00fckten sonra dirildi! O\u2019na iman eden aklanacak diyor.<\/p>\n<p>Davut peygamber ise \u0130sa\u2019dan bin y\u0131l \u00f6nce ya\u015fam\u0131\u015ft\u0131r. Mezmurlarda Mesih\u2019in \u00f6l\u00fcm\u00fcn\u00fc tasvir eden sat\u0131rlar yazm\u0131\u015ft\u0131r. \u00d6rne\u011fin Mezmur 22\u2019de Mesih\u2019in \u00e7arm\u0131htaki feryad\u0131n\u0131 temsil etmi\u015ftir: <em>\u201cTanr\u0131m, Tanr\u0131m, Beni neden terk ettin?\u201d<\/em><\/p>\n<p>Davut ayn\u0131 zamanda Mesih\u2019in el ve ayaklar\u0131n\u0131n \u00e7ivilendi\u011fini \u00f6n g\u00f6r\u00fcyor. Kemiklerinin k\u0131r\u0131lmayaca\u011f\u0131n\u0131, askerler taraf\u0131ndan elbiseleri i\u00e7in kura \u00e7ekildi\u011finden bahsediyor.<\/p>\n<p>Daniel peygamber \u0130sa\u2019dan be\u015f y\u00fcz y\u0131l \u00f6nce ya\u015fam\u0131\u015f bir peygamberdir. Mesih\u2019in ne ama\u00e7la d\u00fcnyaya g\u00f6derilece\u011fini ve kesin \u00f6l\u00fcm tarihini vermektedir.<\/p>\n<p><strong>T\u00fcm bunlar nas\u0131l tesad\u00fcf olabilir? \u00dcstelik bunlar daha Mesih\u2019le ilgili peygamberliklerin sadece birka\u00e7\u0131.<\/strong><\/p>\n<p>Amos peygamber arac\u0131l\u0131\u011f\u0131yla Tanr\u0131 \u015f\u00f6yle sesleniyor. <em>Ger\u00e7ek \u015fu ki, Egemen RAB kulu peygamberlere S\u0131rr\u0131n\u0131 a\u00e7mad\u0131k\u00e7a bir \u015fey yapmaz. (Amos 3:7) <\/em>Yani Tanr\u0131 en ufak bir \u015f\u00fcpheye bile yer kalmamas\u0131 i\u00e7in Kutsal Kitap\u2019ta pek \u00e7ok vahyi a\u00e7\u0131kl\u0131yor.<\/p>\n<p>\u015eimdi de Kutsal Kitap\u2019\u0131n Yeni Antla\u015fma b\u00f6l\u00fcm\u00fcnde \u0130sa\u2019n\u0131n \u00e7arm\u0131h\u0131yla ilgili kay\u0131tlara bakal\u0131m.<\/p>\n<p><em>O\u2019nunla alay etmeleri, kam\u00e7\u0131lay\u0131p \u00e7arm\u0131ha germeleri i\u00e7in O`nu \u00f6teki uluslara teslim edecekler. Ne var ki O, \u00fc\u00e7\u00fcnc\u00fc g\u00fcn dirilecek. (Matta 20:19) <\/em>Burada \u0130sa Mesih\u2019in \u00f6l\u00fcp dirilece\u011fi \u00fc\u00e7\u00fcnc\u00fc kez a\u00e7\u0131klan\u0131yor. <em>O\u2019nunla b\u00f6yle alay ettikten sonra kaftan\u0131 \u00fczerinden \u00e7\u0131kar\u0131p kendi giysilerini giydirdiler ve \u00e7arm\u0131ha germeye g\u00f6t\u00fcrd\u00fcler. (Matta 27:31) \u0130sa`yla birlikte, biri sa\u011f\u0131nda \u00f6b\u00fcr\u00fc solunda olmak \u00fczere iki haydut da \u00e7arm\u0131ha gerildi. (Matta 27:38) Burada Ye\u015faya\u2019da peygamberlik edilen olaylar ger\u00e7ekle\u015fti\u011fini g\u00f6r\u00fcyoruz.<\/em><\/p>\n<p><em>\u0130sa \u00f6\u011frencileriyle birlikte halk\u0131 da yan\u0131na \u00e7a\u011f\u0131r\u0131p \u015f\u00f6yle konu\u015ftu: \u201cArd\u0131mdan gelmek isteyen kendini ink\u00e2r etsin, \u00e7arm\u0131h\u0131n\u0131 y\u00fcklenip beni izlesin (Markos 8:34).<\/em> Pavlus\u2019un, Ga 2:20\u2019de kendini ink\u00e2r etti\u011fini g\u00f6rm\u00fc\u015ft\u00fck. Bizler benli\u011fimize \u00f6ld\u00fck. Eski ben \u00f6lmeli. \u00c7arm\u0131h\u0131 y\u00fcklenip O\u2019nu izlememiz gerekiyor.<\/p>\n<p><em>Askerler \u0130sa`y\u0131 g\u00f6t\u00fcr\u00fcrken, k\u0131rdan gelmekte olan Simun ad\u0131nda Kireneli bir adam\u0131 yakalad\u0131lar, \u00e7arm\u0131h\u0131 s\u0131rt\u0131na y\u00fckleyip \u0130sa`n\u0131n arkas\u0131ndan y\u00fcr\u00fctt\u00fcler. B\u00fcy\u00fck bir halk toplulu\u011fu da \u0130sa`n\u0131n ard\u0131ndan gidiyordu. Aralar\u0131nda \u0130sa i\u00e7in d\u00f6v\u00fcn\u00fcp a\u011f\u0131t yakan kad\u0131nlar vard\u0131. \u0130sa bu kad\u0131nlara d\u00f6nerek, \u201cEy Yeru\u015falim k\u0131zlar\u0131, benim i\u00e7in a\u011flamay\u0131n\u201d dedi. \u201cKendiniz ve \u00e7ocuklar\u0131n\u0131z i\u00e7in a\u011flay\u0131n. \u00c7\u00fcnk\u00fc \u00f6yle g\u00fcnler gelecek ki, `K\u0131s\u0131r kad\u0131nlara, hi\u00e7 do\u011furmam\u0131\u015f rahimlere, emzirmemi\u015f memelere ne mutlu!` diyecekler. O zaman da\u011flara, `\u00dczerimize d\u00fc\u015f\u00fcn!` ve tepelere, `Bizi \u00f6rt\u00fcn!` diyecekler. \u00c7\u00fcnk\u00fc ya\u015f a\u011faca b\u00f6yle yaparlarsa, kuruya neler olacakt\u0131r?\u201d (Luka 23:26-31) <\/em>Burada ya\u015f a\u011fa\u00e7 Mesih\u2019tir, ayn\u0131 zamanda da biz Mesih inanl\u0131lar\u0131n\u0131 temsil etmektedir. Kuru a\u011fa\u00e7 da imans\u0131zlar ve ismen \u201c\u0130sa, \u0130sa!\u201d deyip de kilise kap\u0131s\u0131ndan \u00e7\u0131kar \u00e7\u0131kmaz normal ya\u015famlar\u0131na d\u00f6nenlerdir. Ya\u015f a\u011fa\u00e7 olarak kalal\u0131m. Yine Luka 23: 39\u2019de \u0130sa\u2019ya k\u00fcf\u00fcr edildi\u011finden s\u00f6z ediyor. Buna sessiz kalmak \u00e7ok zordur karde\u015fler ama Rab bizden bunu istiyor, \u00e7\u00fcnk\u00fc kendisi de \u00f6yle yapt\u0131, hakk\u0131n\u0131z\u0131 aray\u0131n demedi. \u00c7arm\u0131h\u0131 ta\u015f\u0131mak haks\u0131zl\u0131klara katlanmay\u0131 da i\u00e7erir.<\/p>\n<p><em>Ba\u015f k\u00e2hinler ve g\u00f6revliler \u0130sa`y\u0131 g\u00f6r\u00fcnce, \u201c\u00c7arm\u0131ha ger, \u00e7arm\u0131ha ger!\u201d diye ba\u011fr\u0131\u015ft\u0131lar. Pilatus, \u201cO`nu siz al\u0131p \u00e7arm\u0131ha gerin!\u201d dedi. \u201cBen O`nda bir su\u00e7 bulam\u0131yorum!\u201d Yahudiler \u015fu kar\u015f\u0131l\u0131\u011f\u0131 verdiler: \u201cBizim bir yasam\u0131z var, bu yasaya g\u00f6re O`nun \u00f6lmesi gerekir. \u00c7\u00fcnk\u00fc kendisinin Tanr\u0131 O\u011flu oldu\u011funu ileri s\u00fcr\u00fcyor.\u201d Pilatus bu s\u00f6z\u00fc i\u015fitince daha \u00e7ok korktu. Yine vali kona\u011f\u0131na girip \u0130sa`ya, \u201cSen nereden geliyorsun?\u201d diye sordu. \u0130sa ona yan\u0131t vermedi. Pilatus, \u201cBenimle konu\u015fmayacak m\u0131s\u0131n?\u201d dedi. \u201cSeni sal\u0131vermeye de, \u00e7arm\u0131ha germeye de yetkim oldu\u011funu bilmiyor musun?\u201d \u0130sa, \u201cSana g\u00f6kten verilmeseydi, benim \u00fczerimde hi\u00e7bir yetkin olmazd\u0131\u201d diye kar\u015f\u0131l\u0131k verdi. \u201cBu nedenle beni sana teslim edenin g\u00fcnah\u0131 daha b\u00fcy\u00fckt\u00fcr.\u201d (Yu 19:6-11)<\/em> Pilatus O\u2019nda hata g\u00f6rememekle birlikte politik nedenlerle O\u2019nu Yahudilere teslim ediyor.<\/p>\n<p><em>Tanr\u0131`n\u0131n belirlenmi\u015f amac\u0131 ve \u00f6ng\u00f6r\u00fcs\u00fc uyar\u0131nca elinize teslim edilen bu adam\u0131, yasa tan\u0131maz ki\u015filerin eliyle \u00e7arm\u0131ha \u00e7ivileyip \u00f6ld\u00fcrd\u00fcn\u00fcz. B\u00f6ylelikle b\u00fct\u00fcn \u0130srail halk\u0131 \u015funu kesinlikle bilsin: Tanr\u0131, sizin \u00e7arm\u0131ha gerdi\u011finiz \u0130sa`y\u0131 hem Rab hem Mesih yapm\u0131\u015ft\u0131r. (El\u00e7 2:23,36) <\/em>Burada Petrus, Kutsal Ruh \u2019un g\u00fcc\u00fcyle Mesih\u2019in \u00e7arm\u0131htaki \u00f6l\u00fcm\u00fcn\u00fc ve dirili\u015fini cesaretle bildirmi\u015ftir.<\/p>\n<p><em>Art\u0131k g\u00fcnaha k\u00f6lelik etmeyelim diye, g\u00fcnahl\u0131 varl\u0131\u011f\u0131m\u0131z\u0131n ortadan kald\u0131r\u0131lmas\u0131 i\u00e7in eski yarad\u0131l\u0131\u015f\u0131m\u0131z\u0131n Mesih`le birlikte \u00e7arm\u0131ha gerildi\u011fini biliriz (Ro 6:6).<\/em><\/p>\n<p><em>Aran\u0131zdayken, \u0130sa Mesih`ten ve O`nun \u00e7arm\u0131ha gerili\u015finden ba\u015fka hi\u00e7bir \u015fey bilmemeye kararl\u0131yd\u0131m (1.Ko 2:2 ). <\/em>Pavlus burada \u0130sa\u2019y\u0131 tan\u0131mak ve O\u2019nun \u00e7arm\u0131h\u0131 d\u0131\u015f\u0131nda her \u015feyi s\u00fcpr\u00fcnt\u00fc sayd\u0131\u011f\u0131n\u0131 bildirerek \u00e7arm\u0131h\u0131n \u00f6nemini vurguluyor.<\/p>\n<p><strong>\u0130sa Mesih\u2019in \u00e7arm\u0131hta \u00f6l\u00fcp \u00fc\u00e7 g\u00fcn sonra dirilmesi Hristiyanl\u0131\u011f\u0131n temelini olu\u015fturur. Bu o denli \u00f6nemli bir konudur ki Hristiyanl\u0131k inanc\u0131n\u0131 di\u011fer inan\u00e7lardan kesin olarak ay\u0131r\u0131r.<\/strong> Mesih\u2019in dirili\u015finin \u00f6nemi Kutsal Kitap\u2019ta \u015fu ayetle vurgulanmaktad\u0131r: <em>&#8220;E\u011fer Mesih&#8217;in \u00f6l\u00fcmden dirildi\u011fi duyuruluyorsa, nas\u0131l oluyor da aran\u0131zda baz\u0131lar\u0131 \u00f6l\u00fcler dirilmez diyor? E\u011fer \u00f6l\u00fcler dirilmezse, Mesih de dirilmemi\u015ftir. Mesih dirilmemi\u015fse, bildirimiz de iman\u0131n\u0131zda bo\u015ftur. Ve bizim Tanr\u0131&#8217;yla ilgili tan\u0131kl\u0131\u011f\u0131m\u0131z da yalan olmu\u015f olur. \u00c7\u00fcnk\u00fc Tanr\u0131&#8217;n\u0131n, Mesih&#8217;i diriltti\u011fine tan\u0131kl\u0131k ettik. Ama \u00f6l\u00fcler ger\u00e7ekten dirilmezlerse, Tanr\u0131 Mesih&#8217;i de diriltmemi\u015ftir. <strong>\u00d6l\u00fcler dirilmezlerse, Mesih de dirilmemi\u015ftir. Mesih dirilmemi\u015fse, iman\u0131n\u0131z yarars\u0131zd\u0131r ve siz h\u00e2l\u00e2 g\u00fcnahlar\u0131n\u0131z\u0131n i\u00e7indesiniz.&#8221;<\/strong> (1. Korintliler 15:12-17)<\/em><\/p>\n<p>Son olarak da Filipililer b\u00f6l\u00fcm\u00fcnde pek \u00e7ok ki\u015finin \u00e7arm\u0131ha d\u00fc\u015fman olarak ya\u015fad\u0131\u011f\u0131n\u0131 bildiriyor. Bu ac\u0131 ger\u00e7e\u011fe ra\u011fmen bizim g\u00f6revimiz tan\u0131kl\u0131k ederek incili duyurmakt\u0131r. \u0130ncil\u2019i duymayan kalmayana, Rab gelene kadar kilise \u0131\u015f\u0131k olarak parlayacakt\u0131r. Bizler g\u00fc\u00e7s\u00fcz olsak da unutmayal\u0131m ki biz zay\u0131fken O bizim g\u00fcc\u00fcm\u00fczd\u00fcr! \u00c2min.<\/p>\n<p>Erc\u00fcment Tarkan<\/p>\n","protected":false},"excerpt":{"rendered":"<p>Mesih&#8217;le birlikte \u00e7arm\u0131ha gerildim. Art\u0131k ben ya\u015fam\u0131yorum, Mesih bende ya\u015f\u0131yor. \u015eimdi bedende s\u00fcrd\u00fcrd\u00fc\u011f\u00fcm ya\u015fam\u0131, beni seven ve benim i\u00e7in kendini feda eden Tanr\u0131 O\u011flu&#8217;na imanla s\u00fcrd\u00fcr\u00fcyorum (Gal 2:20). \u0130ncil\u2019de \u0130br [&hellip;]<\/p>\n","protected":false},"author":7,"featured_media":4586,"comment_status":"open","ping_status":"open","sticky":false,"template":"","format":"standard","meta":{"footnotes":""},"categories":[50],"tags":[],"class_list":["post-4585","post","type-post","status-publish","format-standard","has-post-thumbnail","hentry","category-metin-vaazlar"],"_links":{"self":[{"href":"https:\/\/dirisukilisesi.org\/index.php\/wp-json\/wp\/v2\/posts\/4585","targetHints":{"allow":["GET"]}}],"collection":[{"href":"https:\/\/dirisukilisesi.org\/index.php\/wp-json\/wp\/v2\/posts"}],"about":[{"href":"https:\/\/dirisukilisesi.org\/index.php\/wp-json\/wp\/v2\/types\/post"}],"author":[{"embeddable":true,"href":"https:\/\/dirisukilisesi.org\/index.php\/wp-json\/wp\/v2\/users\/7"}],"replies":[{"embeddable":true,"href":"https:\/\/dirisukilisesi.org\/index.php\/wp-json\/wp\/v2\/comments?post=4585"}],"version-history":[{"count":0,"href":"https:\/\/dirisukilisesi.org\/index.php\/wp-json\/wp\/v2\/posts\/4585\/revisions"}],"wp:featuredmedia":[{"embeddable":true,"href":"https:\/\/dirisukilisesi.org\/index.php\/wp-json\/wp\/v2\/media\/4586"}],"wp:attachment":[{"href":"https:\/\/dirisukilisesi.org\/index.php\/wp-json\/wp\/v2\/media?parent=4585"}],"wp:term":[{"taxonomy":"category","embeddable":true,"href":"https:\/\/dirisukilisesi.org\/index.php\/wp-json\/wp\/v2\/categories?post=4585"},{"taxonomy":"post_tag","embeddable":true,"href":"https:\/\/dirisukilisesi.org\/index.php\/wp-json\/wp\/v2\/tags?post=4585"}],"curies":[{"name":"wp","href":"https:\/\/api.w.org\/{rel}","templated":true}]}}