{"id":4692,"date":"2013-03-31T02:42:57","date_gmt":"2013-03-30T23:42:57","guid":{"rendered":"https:\/\/dirisukilisesi.org\/?p=4692"},"modified":"2018-08-03T18:07:04","modified_gmt":"2018-08-03T15:07:04","slug":"isa-bizler-icin-olumu-yendi","status":"publish","type":"post","link":"https:\/\/dirisukilisesi.org\/index.php\/2013\/03\/31\/isa-bizler-icin-olumu-yendi\/","title":{"rendered":"\u0130sa Bizler \u0130\u00e7in \u00d6l\u00fcm\u00fc Yendi"},"content":{"rendered":"<p style=\"text-align: right;\">31 Mart 2013<\/p>\n<p>Bug\u00fcn yine Rab\u2019bin \u00f6n\u00fcndeyiz ve sevin\u00e7liyiz. Bug\u00fcn\u00fcn anlam\u0131 farkl\u0131d\u0131r \u00e7\u00fcnk\u00fc \u0130sa Mesih\u2019in dirili\u015fini ilan ediyoruz! \u0130sa ger\u00e7ekten dirildi!<\/p>\n<p>\u0130lk imanl\u0131lar \u0130sa\u2019n\u0131n dirili\u015fini g\u00f6zleriyle g\u00f6rd\u00fcler, O\u2019na dokundular, \u0130sa onlar\u0131n \u00f6n\u00fcnde ekmek bal\u0131k yedi, be\u015f y\u00fcz ki\u015fi birden onu g\u00f6rd\u00fc, melekler dirili\u015fine tan\u0131kl\u0131k ettiler. \u0130sa Mesih mezarda kalmad\u0131. \u0130sa \u00f6l\u00fcm\u00fc yendi. \u0130sa\u2019n\u0131n tek amac\u0131 \u00f6l\u00fcm\u00fc alt etmekti ve bunu ba\u015fard\u0131. Kutsal Kitap tomarlar\u0131nda \u0130sa\u2019yla ilgili yaz\u0131lm\u0131\u015ft\u0131r: Bir kurtar\u0131c\u0131 gelecek ve halk\u0131n\u0131 kurtararak onlar\u0131 \u00f6l\u00fcmden ya\u015fama ge\u00e7irecekti. Biz Mesihe iman edenlerde \u00f6l\u00fcmde kalmad\u0131k; biz de \u0130sa\u2019yla dirildik. Rab\u2019be y\u00fccelik olsun!<\/p>\n<p>Ademden ba\u015flayrak \u00f6l\u00fcm b\u00fct\u00fcn insanl\u0131k \u00fczerinde saltanat s\u00fcrd\u00fc. \u0130nsan soyu bu trajik kadere mahkumdu. D\u00fcnya\u2019ya h\u00fckmeden krallar, alimler de bu kadere ortak oldular. Eski krallar an\u0131t mezarlarda mumyalanarak, en sevdikleri e\u015fyalarla beraber g\u00f6m\u00fclm\u00fc\u015ft\u00fcr. Asl\u0131nda ya\u015fama arzusundan dolay\u0131 mumyalanm\u0131\u015flard\u0131r. Ne var ki sonunda bu mezarlar a\u00e7\u0131ld\u0131\u011f\u0131nda i\u00e7inde kuru deri ve kemikten ba\u015fka bir \u015fey kalmad\u0131\u011f\u0131 g\u00f6r\u00fclm\u00fc\u015ft\u00fcr. \u0130nsanlar \u00f6l\u00fcms\u00fcz olmak i\u00e7in ya da \u00f6l\u00fcms\u00fcz olduklar\u0131 d\u00fc\u015f\u00fcn\u00fcls\u00fcn diye kendileri i\u00e7in an\u0131t mezarlar yapt\u0131rd\u0131lar. Ancak mezar\u0131n i\u00e7indekiler sadece cesettirler.<\/p>\n<p>Mesih \u00f6lmeden \u00f6nce \u00f6\u011frencilerine bir \u00e7ok ki\u015finin g\u00fcnahlar\u0131 i\u00e7in \u00e7arm\u0131hta \u00f6l\u00fcp \u00fc\u00e7 g\u00fcn sonra dirilece\u011fini s\u00f6ylemi\u015fti. Ancak onlar bunu tam olarak anlayamad\u0131lar. \u0130sa \u00f6ld\u00fckten sonra vali, onun dirilece\u011fi s\u00f6ylentilerine kar\u015f\u0131, cesedin \u00e7al\u0131nmas\u0131na \u00f6nlem olarak mezar\u0131n\u0131 askerlerle \u00e7evirdi. Ama bu \u00f6nlem i\u015fe yaramad\u0131.<\/p>\n<p>Melekler mezar ta\u015f\u0131n\u0131 kald\u0131rd\u0131lar ve insanl\u0131\u011f\u0131n umudu, krallar\u0131n Kral\u2019\u0131, Tanr\u0131 O\u011flu \u0130sa Mesih mezardan dirirmi\u015f olarak \u00e7\u0131kt\u0131. Bu an insanl\u0131k tarihinin doruk noktas\u0131d\u0131r. \u0130sa Mesihin do\u011fu\u015fu, mucizeleri de harika olaylard\u0131r; Ama Mesih\u2019in as\u0131l amac\u0131 insanlar \u00fczerinde yekin olan \u00f6l\u00fcm\u00fc yenip, bu talihsiz kaderi ortadan kald\u0131rarak insanlara dirili\u015f umudunu vermekti.<\/p>\n<p><strong><em>Korintliler 15:20-28<br \/>\n<\/em><\/strong><strong><em>Oysa Mesih, \u00f6lm\u00fc\u015f olanlar\u0131n ilk \u00f6rne\u011fi olarak \u00f6l\u00fcmden dirilmi\u015ftir. \u00d6l\u00fcm bir insan arac\u0131l\u0131\u011f\u0131yla geldi\u011fine g\u00f6re, \u00f6l\u00fcmden dirili\u015f de bir insan arac\u0131l\u0131\u011f\u0131yla gelir. Herkes nas\u0131l Adem&#8217;de \u00f6l\u00fcyorsa, herkes Mesih&#8217;te ya\u015fama kavu\u015facak. Her biri s\u0131ras\u0131 gelince dirilecek: \u0130lk \u00f6rnek olarak Mesih, sonra Mesih&#8217;in geli\u015finde Mesih&#8217;e ait olanlar. Bundan sonra Mesih her y\u00f6netimi, her h\u00fck\u00fcmranl\u0131\u011f\u0131, her g\u00fcc\u00fc ortadan kald\u0131r\u0131p egemenli\u011fi Baba Tanr\u0131&#8217;ya teslim etti\u011fi zaman son gelmi\u015f olacak. \u00c7\u00fcnk\u00fc Tanr\u0131 b\u00fct\u00fcn d\u00fc\u015fmanlar\u0131n\u0131 ayaklar\u0131 alt\u0131na serinceye dek O&#8217;nun egemenlik s\u00fcrmesi gerekir. Ortadan kald\u0131r\u0131lacak son d\u00fc\u015fman \u00f6l\u00fcmd\u00fcr. \u00c7\u00fcnk\u00fc, &#8220;Tanr\u0131 her \u015feyi Mesih&#8217;in ayaklar\u0131 alt\u0131na sererek O&#8217;na ba\u011f\u0131ml\u0131 k\u0131ld\u0131.&#8221; &#8220;Her \u015fey O&#8217;na ba\u011f\u0131ml\u0131 k\u0131l\u0131nd\u0131&#8221; s\u00f6z\u00fcn\u00fcn, her \u015feyi Mesih&#8217;e ba\u011f\u0131ml\u0131 k\u0131lan Tanr\u0131&#8217;y\u0131 i\u00e7ermedi\u011fi a\u00e7\u0131kt\u0131r. Her \u015fey O\u011ful&#8217;a ba\u011f\u0131ml\u0131 k\u0131l\u0131n\u0131nca, O\u011ful da her \u015feyi kendisine ba\u011f\u0131ml\u0131 k\u0131lan Tanr\u0131&#8217;ya ba\u011f\u0131ml\u0131 olacakt\u0131r. \u00d6yle ki, Tanr\u0131 her \u015feyde her \u015fey olsun.<\/em><\/strong><\/p>\n<p>\u0130blis\u2019in bir ad\u0131 da katildir. Katil, Adem soyunu \u00f6l\u00fcm g\u00fcnah\u0131na y\u00f6nlendirdi.. Peygamberler bile Katil\u2019den kurtulamad\u0131. Ama Tanr\u0131 ikinci Adem\u2019in gelece\u011fine s\u00f6z vermi\u015ftir. Benim \u00f6z\u00fcmden bir Kral gelecektir. Bu Kral, daniel kitab\u0131nda bahsetti\u011fi gibi da\u011fdan el de\u011fmeden kopan bir ta\u015f par\u00e7as\u0131 gibi, yani kimse taraf\u0131ndan yarat\u0131lmam\u0131\u015f olan \u0130sa \u0130blise ait olan egemelikleri yenerek Tanr\u0131n\u0131n egemenli\u011fni ba\u015flatm\u0131\u015ft\u0131r. (Daniel 2)<\/p>\n<p>\u0130\u015fte dirili\u015f m\u00fcjdesi b\u00fct\u00fcn d\u00fcnyada duyrurmakta ve d\u00fcnyay\u0131 doldurmaktad\u0131r. Tanr\u0131 \u0130sa\u2019y\u0131 diriltmekle \u0130sa\u2019ya iman eden herkesi \u00f6l\u00fcmden diriltece\u011fine dair vaadini net olarak ger\u00e7ekle\u015ftirmi\u015ftir. Mesih ikinci kez geldi\u011finde bizler ve \u00f6lm\u00fc\u015f olan imanl\u0131lar hep birlikte g\u00f6\u011fe al\u0131naca\u011f\u0131z. Daha sonra d\u00fcnya yarg\u0131lanacakt\u0131r. B\u00fct\u00fcn egemenlikler bitecek ve yaln\u0131z Tanr\u0131\u2019n\u0131n egemenli\u011fi kalacakt\u0131r.<\/p>\n<p>Rab\u2019be y\u00fccelik olsun! Bug\u00fcn kurtuldu\u011fumuzu ilan ediyoruz. Mesih\u2019in diri oldu\u011fu Kutsal Kitapta defalarca anlat\u0131lamtad\u0131r Bir \u00e7ok taraihsel kitaplaradada insanlar\u0131n dirirmi\u015f \u0130sadan bahsettikleri al\u0131nt\u0131lar\u0131 bulunmaktad\u0131r.<\/p>\n<p>Tarih boyunca \u00f6l\u00fcmden dirilen insanlar olmu\u015ftur ama bunlar\u0131n hepsi sonunda tekrar \u00f6lm\u00fc\u015flerdir. Hi\u00e7bir insan \u00f6l\u00fcm\u00fc yenememi\u015ftir. Sadece ya\u015fam \u00f6nderi \u0130sa \u00f6l\u00fcm\u00fc yenerek ebediyen ya\u015famaktad\u0131r.Dirirmi\u015f \u0130sa b\u00fct\u00fcn insan souyunun umududur. \u0130sa Mesih fiziksel olarak dirilmi\u015ftir ve Tanr\u0131\u2019n\u0131n sa\u011f\u0131ndad\u0131r. \u0130blis\u2019in h\u00fckm\u00fc alt\u0131ndaki insanlar\u0131 kan\u0131yla y\u0131kayarak onlara sonsuz ya\u015fam vermek i\u00e7in daima ya\u015famaktad\u0131r.<\/p>\n<p>\u0130sa Mesih Tanr\u0131\u2019dan akan ya\u015fam p\u0131nar\u0131d\u0131r. Kim ondan i\u00e7erse sonsuzca ya\u015fayacakt\u0131r. \u0130sa\u2019ya gelen ebediyen ya\u015fayacakt\u0131r. \u00c7\u00fcnk\u00fc \u0130sa\u2019da olan hayat suyunu, yani Kutsal Ruh\u2019un ya\u015fam\u0131n\u0131 alacakt\u0131r. Kutsal Ruh Tanr\u0131\u2019n\u0131n Ruh\u2019u demektir. Biz \u015fimdi Mesih\u2019le, O\u2019nun Kutsal Ruhu\u2019yla ya\u015f\u0131yoruz. Mesih geldi\u011finde ise bu \u00e7\u00fcr\u00fcyen bedenimiz \u00e7\u00fcr\u00fcmezli\u011fi giyinecektir. \u00c7\u00fcr\u00fcmeye mahk\u00fcm olan et ve kan Tanr\u0131\u2019n\u0131n egemenli\u011fine girmeyecektir. Hepimiz Kutsal Ruh\u2019tan yeni ve izzetli bir beden alaca\u011f\u0131z. \u015eeytan et ve kandan yarat\u0131lan insan\u0131 d\u00fc\u015f\u00fcrerek zafer kazand\u0131\u011f\u0131n\u0131 sand\u0131. \u0130nsan soyunu bitirdi\u011fini sand\u0131. Tanr\u0131 ise O\u011flu\u2019nu g\u00f6ndererek bizi O\u2019nun benzerli\u011finde yeni g\u00f6ksel ve izetli bir bedenle diriltece\u011fini vaat etti. Bizler bu vadi yani \u0130sa Mesihin ikin\u00e7i defa tekrar gelece\u011fini ve bizi al\u0131p cennete g\u00f6t\u00fcrece\u011fini umutla bekliyoruz. Ne mutlu bu umuda sahip olanlara. Onalar y\u00fcce Tanr\u0131y\u0131 g\u00f6receklerdir.<\/p>\n<p>Rab hepinizi bereketlesin. Dirili\u015f bayram\u0131m\u0131z kutlu olsun!<\/p>\n<p>Dirisu Kilisesi<\/p>\n<p>Bedri Peker<\/p>\n","protected":false},"excerpt":{"rendered":"<p>31 Mart 2013 Bug\u00fcn yine Rab\u2019bin \u00f6n\u00fcndeyiz ve sevin\u00e7liyiz. Bug\u00fcn\u00fcn anlam\u0131 farkl\u0131d\u0131r \u00e7\u00fcnk\u00fc \u0130sa Mesih\u2019in dirili\u015fini ilan ediyoruz! \u0130sa ger\u00e7ekten dirildi! \u0130lk imanl\u0131lar \u0130sa\u2019n\u0131n dirili\u015fini g\u00f6zleriyle g\u00f6rd\u00fcler, O\u2019na dokundular, \u0130sa [&hellip;]<\/p>\n","protected":false},"author":3,"featured_media":4530,"comment_status":"open","ping_status":"open","sticky":false,"template":"","format":"standard","meta":{"footnotes":""},"categories":[50],"tags":[],"class_list":["post-4692","post","type-post","status-publish","format-standard","has-post-thumbnail","hentry","category-metin-vaazlar"],"_links":{"self":[{"href":"https:\/\/dirisukilisesi.org\/index.php\/wp-json\/wp\/v2\/posts\/4692","targetHints":{"allow":["GET"]}}],"collection":[{"href":"https:\/\/dirisukilisesi.org\/index.php\/wp-json\/wp\/v2\/posts"}],"about":[{"href":"https:\/\/dirisukilisesi.org\/index.php\/wp-json\/wp\/v2\/types\/post"}],"author":[{"embeddable":true,"href":"https:\/\/dirisukilisesi.org\/index.php\/wp-json\/wp\/v2\/users\/3"}],"replies":[{"embeddable":true,"href":"https:\/\/dirisukilisesi.org\/index.php\/wp-json\/wp\/v2\/comments?post=4692"}],"version-history":[{"count":0,"href":"https:\/\/dirisukilisesi.org\/index.php\/wp-json\/wp\/v2\/posts\/4692\/revisions"}],"wp:featuredmedia":[{"embeddable":true,"href":"https:\/\/dirisukilisesi.org\/index.php\/wp-json\/wp\/v2\/media\/4530"}],"wp:attachment":[{"href":"https:\/\/dirisukilisesi.org\/index.php\/wp-json\/wp\/v2\/media?parent=4692"}],"wp:term":[{"taxonomy":"category","embeddable":true,"href":"https:\/\/dirisukilisesi.org\/index.php\/wp-json\/wp\/v2\/categories?post=4692"},{"taxonomy":"post_tag","embeddable":true,"href":"https:\/\/dirisukilisesi.org\/index.php\/wp-json\/wp\/v2\/tags?post=4692"}],"curies":[{"name":"wp","href":"https:\/\/api.w.org\/{rel}","templated":true}]}}