{"id":4750,"date":"2013-06-30T18:30:16","date_gmt":"2013-06-30T15:30:16","guid":{"rendered":"https:\/\/dirisukilisesi.org\/?p=4750"},"modified":"2018-08-09T20:45:31","modified_gmt":"2018-08-09T17:45:31","slug":"tanri-mesihten-habersiz-olanlari-kurtarmak-icin-tutku-tasiyan-insanlar-ariyor","status":"publish","type":"post","link":"https:\/\/dirisukilisesi.org\/index.php\/2013\/06\/30\/tanri-mesihten-habersiz-olanlari-kurtarmak-icin-tutku-tasiyan-insanlar-ariyor\/","title":{"rendered":"Tanr\u0131 Mesih\u2019ten Habersiz Olanlar\u0131 Kurtarmak \u0130\u00e7in Tutku Ta\u015f\u0131yan \u0130nsanlar Ar\u0131yor"},"content":{"rendered":"<p style=\"text-align: right;\">30.06.20013<\/p>\n<p style=\"text-align: center;\"><img loading=\"lazy\" decoding=\"async\" class=\"alignnone size-medium wp-image-4751\" src=\"https:\/\/dirisukilisesi.org\/wp-content\/uploads\/2018\/08\/BedriVaaz02-Resim01-300x225.jpg\" alt=\"\" width=\"300\" height=\"225\" srcset=\"https:\/\/dirisukilisesi.org\/wp-content\/uploads\/2018\/08\/BedriVaaz02-Resim01-300x225.jpg 300w, https:\/\/dirisukilisesi.org\/wp-content\/uploads\/2018\/08\/BedriVaaz02-Resim01-450x338.jpg 450w, https:\/\/dirisukilisesi.org\/wp-content\/uploads\/2018\/08\/BedriVaaz02-Resim01.jpg 480w\" sizes=\"auto, (max-width: 300px) 100vw, 300px\" \/><\/p>\n<p><strong>Luka 9: 57- 62<\/strong><br \/>\n<strong>Yolda giderlerken bir adam \u0130sa\u2019ya, \u201cNereye gidersen, senin ard\u0131ndan gelece\u011fim\u201d dedi. \u0130sa ona, \u201cTilkilerin ini, ku\u015flar\u0131n yuvas\u0131 var, ama \u0130nsano\u011flunun ba\u015f\u0131n\u0131 yaslayacak bir yeri yok\u201d dedi. Bir ba\u015fkas\u0131na, \u201cArd\u0131mdan gel\u201d dedi. Adam ise, \u201c\u0130zin ver, \u00f6nce gidip babam\u0131 g\u00f6meyim\u201d dedi. \u0130sa ona \u015f\u00f6yle dedi: \u201cB\u0131rak \u00f6l\u00fcleri, kendi \u00f6l\u00fclerini kendileri g\u00f6ms\u00fcn. Sen gidip Tanr\u0131\u2019n\u0131n Egemenli\u011fini duyur.\u201d Bir ba\u015fkas\u0131, \u201cYa Rab\u201d dedi, \u201cSenin ard\u0131ndan gelece\u011fim ama izin ver, \u00f6nce evimdekilerle vedala\u015fay\u0131m.\u201d \u0130sa ona, \u201cSaban\u0131 tutup da geriye bakan, Tanr\u0131\u2019n\u0131n Egemenli\u011fi \u2019ne lay\u0131k de\u011fildir\u201d dedi.<\/strong><\/p>\n<p><strong>Luka 10 : 1- 2<\/strong><br \/>\n<strong>Bu olaylardan sonra Rab yetmi\u015f ki\u015fi daha g\u00f6revlendirdi. Bunlar\u0131 iki\u015fer iki\u015fer, kendisinin gidece\u011fi her kente, her yere kendi \u00f6n\u00fcnden g\u00f6nderdi. <a href=\"http:\/\/incil.info\/YC2009\/arama\/Luka+10:2\"><sup>2<\/sup><\/a>Onlara, \u201c\u00dcr\u00fcn bol, ama i\u015f\u00e7i az\u201d dedi, \u201cBu nedenle \u00fcr\u00fcn\u00fcn sahibi Rab\u2019be yalvar\u0131n, \u00fcr\u00fcn\u00fcn\u00fc kald\u0131racak i\u015f\u00e7iler g\u00f6ndersin.<\/strong><\/p>\n<p>Rab Daha \u00f6nce on iki ki\u015fiyi Tanr\u0131n\u0131n egemenli\u011fini duyurmak i\u00e7in se\u00e7ip g\u00f6ndermi\u015fti. \u015eimdi ise yetmi\u015f ki\u015fiyi Ruhsal hizmet i\u00e7in g\u00f6revlendirdi. Neden yetmi\u015f Ki\u015fi diye d\u00fc\u015f\u00fcnd\u00fcm. Bu yetmi\u015f ki\u015fiyi se\u00e7meden Rab \u00fc\u00e7 \u00f6rnekle Tanr\u0131n\u0131n i\u015finde sadakatin \u00f6nemine vurgu yapt\u0131.<\/p>\n<p>Birine ard\u0131mdan gel deyince adam \u00f6nce babam\u0131 g\u00f6meyim sonra gelip hizmet ederim dedi. Rab \u0130sa ise b\u0131rak \u00f6l\u00fcler kendi \u00f6l\u00fclerini g\u00f6ms\u00fcn sen git Tanr\u0131n\u0131n egemenli\u011fini duyur diye uyard\u0131. Yani Tanr\u0131n\u0131n \u00f6l\u00fcleri dirilten egemenli\u011finin haberini duyur dedi. \u00c7\u00fcnk\u00fc Mesih\u2019iz herkes ruhsal ac\u0131dan \u00f6l\u00fcd\u00fcr d\u00fcnyan\u0131n \u00f6l\u00fc i\u015fleri ile u\u011fra\u015fma ya\u015fama g\u00f6t\u00fcren incili duyurma hizmetine kendini ada dedi. Bu uyar\u0131 Baban\u0131 sevme veya g\u00f6revini yerine getirme anlam\u0131nda kesinlikle de\u011fil \u00f6nce Tanr\u0131n\u0131n herkese ya\u015fam veren i\u015fine \u00f6nem ver demektir. Baz\u0131 \u0130ncil yorumcular\u0131 Babam\u0131 g\u00f6meyim ayetini, b\u0131rak babam \u00f6lene dek ona bakay\u0131m diye yorumlarlar. Fakat hangi anlamda olursa olsun Tanr\u0131n\u0131n egemenli\u011finin hizmetini her \u015feyden \u00fcst\u00fcn tutmal\u0131y\u0131z.<\/p>\n<p>Rab bir ba\u015fkas\u0131n\u0131 \u0130ncili yayma hizmeti i\u00e7in g\u00f6revlendirmek istedi\u011finde O ki\u015fi Rabbe b\u0131rak \u00f6nce gideyim ailemle vedala\u015fay\u0131m sonra ard\u0131ndan geleyim dedi. Rab Sabana el uzat\u0131p arkas\u0131na bakan Tanr\u0131n\u0131n i\u015fine hizmet etmeye lay\u0131k de\u011fildir dedi. Rabin i\u015fine bakan hizmet edenin akl\u0131 ve y\u00fcre\u011fi ba\u015fka yerde olmamal\u0131. Topra\u011f\u0131 ekmek i\u00e7in \u00e7ift s\u00fcren ki\u015fi arkas\u0131na bakt\u0131\u011f\u0131nda ekece\u011fi topra\u011f\u0131n tohum yar\u0131klar\u0131n\u0131 bozar ve \u00fcr\u00fcn telef olur. Bu nedenle Rab ruhsal \u00fcr\u00fcn i\u00e7in ger\u00e7ekten adanm\u0131\u015f i\u015f\u00e7iler ar\u0131yor.<\/p>\n<p>Hemen bu \u00f6rnekleri verdikten sonra Rab yetmi\u015f ki\u015fiyi hizmet i\u00e7in se\u00e7ti Deme \u2019ki bu yetmi\u015f ki\u015fi onun istedi\u011fi \u015fekilde adanm\u0131\u015f olan \u00f6\u011frencilerdi Rabin incili yayma hizmetini yar\u0131da b\u0131rakmayacak ki\u015filerdi. D\u00fc\u015f\u00fcn\u00fcyorum binlerce ki\u015fi \u0130sa\u2019n\u0131n ard\u0131ndan gidiyordu ama i\u00e7lerinde \u00e7ok az ki\u015fi \u0130sa\u2019n\u0131n ger\u00e7ek \u00f6\u011frencileri olarak onu takip ediyordu veya Tanr\u0131n\u0131n i\u015fini yapmak i\u00e7in sad\u0131k i\u015f\u00e7ilerdi. Bu nedenle Rab \u00d6\u011frencilerine dua edin \u2019ki benim istedi\u011fim anlamda i\u015f\u00e7iler \u00e7\u0131ks\u0131n; \u00fcr\u00fcn \u00e7ok i\u015f\u00e7i az dedi. Binlerce takip\u00e7i i\u00e7inde havarilerle birlikte ancak y\u00fcz yirmi ki\u015fi \u0130sa Mesihi b\u00fct\u00fcn y\u00fcrekleriyle takip ediyordu. Fakat bu y\u00fcz yirmi ki\u015fi Mesih\u2019e olan tutku dolu sad\u0131k y\u00fcreklerinden dolay\u0131 d\u00fcnyay\u0131 \u0130ncil \u0131\u015f\u0131\u011f\u0131yla ayd\u0131nlatt\u0131lar.<\/p>\n<p>Biz ne durumday\u0131z ya\u015fam\u0131m\u0131z\u0131n b\u00fct\u00fcn alanlar\u0131n\u0131 ona adad\u0131k m\u0131 yoksa \u00f6rnekteki gibi \u00f6nce \u015funu yapay\u0131m, \u00f6nce bunu yapay\u0131m diye \u0130sa\u2019dan ve Tanr\u0131n\u0131n hizmetinden daha \u00f6nemli olan \u00f6nceliklerimiz mi var. Rab bizi uyand\u0131rs\u0131n ya\u015fama amac\u0131m\u0131z\u0131n Tanr\u0131n\u0131n egemenli\u011fine hizmet etme oldu\u011funu hat\u0131rlats\u0131n. \u0130sa\u2019n\u0131n Ruhsal bedeni olan kilisesinin d\u00fcnyada bulunmas\u0131n\u0131n amac\u0131 budur yoksa Rab Kilisesini bu bozulmu\u015f d\u00fcnyada tutmak istemez.<\/p>\n<p><strong>Romal\u0131lar 10: 12- 14<\/strong><br \/>\n<strong>\u00c7\u00fcnk\u00fc Yahudi Grek ayr\u0131m\u0131 yoktur, ayn\u0131 Rab hepsinin Rabbi\u2019dir. Kendisini \u00e7a\u011f\u0131ranlar\u0131n t\u00fcm\u00fcne elia\u00e7\u0131kt\u0131r. \u201cRab\u2019bi ad\u0131yla \u00e7a\u011f\u0131ran herkes kurtulacak.\u201d Ama iman etmedikleri ki\u015fiyi nas\u0131l \u00e7a\u011f\u0131racaklar? Duymad\u0131klar\u0131 ki\u015fiye nas\u0131l iman edecekler? Tanr\u0131 s\u00f6z\u00fcn\u00fc yayan olmazsa, nas\u0131l duyacaklar? S\u00f6z\u00fc yaymaya g\u00f6nderilmezlerse, s\u00f6z\u00fc nas\u0131l yayacaklar? Yaz\u0131lm\u0131\u015f oldu\u011fu gibi: \u201c\u0130yi haber m\u00fcjdeleyenlerin ayaklar\u0131 ne g\u00fczeldir!\u201d<\/strong><\/p>\n<p>Bizim Mesih\u2019in sad\u0131k \u00f6\u011frencileri olarak \u0130ncili duyurma g\u00f6revimiz vard\u0131r. Biz d\u00fcnyay\u0131 ve kendimizi memnun etmek i\u00e7in se\u00e7ilmedik. Biz g\u00f6klerin egemenli\u011finde ya\u015f\u0131yorsak g\u00f6klerin egemenli\u011fini duyurup \u00e7al\u0131\u015fmal\u0131y\u0131z Tanr\u0131ya ve kilisesine b\u00fct\u00fcn y\u00fcre\u011fimizle ruhsal ve fiziksel olarak hizmet etmeliyiz.Kutsal kitap diyor ki \u0130nsanlar tan\u0131mad\u0131klar\u0131 ki\u015fiye nas\u0131l iman ede bilirler. Tanr\u0131n\u0131n S\u00f6z\u00fcn\u00fc yayan olmasa \u0130nsanlar kurtulmak i\u00e7in \u0130sa\u2019ya nas\u0131l iman edebilirler. Bu nedenle \u0130nsanlar\u0131n iyi haber arac\u0131l\u0131\u011f\u0131yla kurtulmalar\u0131 i\u00e7in Rabin s\u00f6z\u00fcn\u00fc d\u0131\u015fardaki insanlara m\u00fcjdeme i\u00e7in Rabin sad\u0131k m\u00fcjdeci \u00f6rne\u011findeki gibi \u00f6nceli\u011fimizin bu oldu\u011funu g\u00f6rmeliyiz.<\/p>\n<p>Tanr\u0131n\u0131n yan\u0131nda T\u00fcrk, K\u00fcrt, Ermeni, Zenci, Beyaz, Kad\u0131n Erkek, \u00e7ok g\u00fcnahl\u0131, az g\u00fcnahl\u0131 ayr\u0131m\u0131 yoktur. \u0130ncil b\u00fct\u00fcn insanlar i\u00e7in Tanr\u0131n\u0131n kurtar\u0131\u015f haberidir. Herkim \u0130sa Mesihi Rabi ve kurtar\u0131c\u0131s\u0131 olarak y\u00fcrekten kabul eder ve a\u011fz\u0131yla ikrar ederse sonsuz azaba u\u011framayacakt\u0131r ve sonsuz ya\u015fama kavu\u015facakt\u0131r.<\/p>\n<p>\u0130\u015fte sevgili karde\u015fler Rab hepimizi bu \u015ferefli hizmet i\u00e7in \u00e7a\u011f\u0131r\u0131p se\u00e7ti bu \u00e7a\u011fr\u0131lm\u0131\u015f l\u0131\u011fa sad\u0131k olal\u0131m ve \u0130ncili duyurmada etkin olal\u0131m. \u00d6d\u00fcl\u00fcm\u00fcz Rabin elinden alaca\u011f\u0131z.<\/p>\n<p>Dirisu Kilisesi<\/p>\n<p>Bedri Peker<\/p>\n<p style=\"text-align: center;\"><img loading=\"lazy\" decoding=\"async\" class=\"alignnone size-medium wp-image-4752\" src=\"https:\/\/dirisukilisesi.org\/wp-content\/uploads\/2018\/08\/BedriVaaz02-Resim02-300x225.jpg\" alt=\"\" width=\"300\" height=\"225\" srcset=\"https:\/\/dirisukilisesi.org\/wp-content\/uploads\/2018\/08\/BedriVaaz02-Resim02-300x225.jpg 300w, https:\/\/dirisukilisesi.org\/wp-content\/uploads\/2018\/08\/BedriVaaz02-Resim02-450x338.jpg 450w, https:\/\/dirisukilisesi.org\/wp-content\/uploads\/2018\/08\/BedriVaaz02-Resim02.jpg 480w\" sizes=\"auto, (max-width: 300px) 100vw, 300px\" \/> <img loading=\"lazy\" decoding=\"async\" class=\"alignnone size-medium wp-image-4753\" src=\"https:\/\/dirisukilisesi.org\/wp-content\/uploads\/2018\/08\/BedriVaaz02-Resim03-300x225.jpg\" alt=\"\" width=\"300\" height=\"225\" srcset=\"https:\/\/dirisukilisesi.org\/wp-content\/uploads\/2018\/08\/BedriVaaz02-Resim03-300x225.jpg 300w, https:\/\/dirisukilisesi.org\/wp-content\/uploads\/2018\/08\/BedriVaaz02-Resim03-450x338.jpg 450w, https:\/\/dirisukilisesi.org\/wp-content\/uploads\/2018\/08\/BedriVaaz02-Resim03.jpg 480w\" sizes=\"auto, (max-width: 300px) 100vw, 300px\" \/> <img loading=\"lazy\" decoding=\"async\" class=\"alignnone size-medium wp-image-4754\" src=\"https:\/\/dirisukilisesi.org\/wp-content\/uploads\/2018\/08\/BedriVaaz02-Resim04-300x225.jpg\" alt=\"\" width=\"300\" height=\"225\" srcset=\"https:\/\/dirisukilisesi.org\/wp-content\/uploads\/2018\/08\/BedriVaaz02-Resim04-300x225.jpg 300w, https:\/\/dirisukilisesi.org\/wp-content\/uploads\/2018\/08\/BedriVaaz02-Resim04-450x338.jpg 450w, https:\/\/dirisukilisesi.org\/wp-content\/uploads\/2018\/08\/BedriVaaz02-Resim04.jpg 480w\" sizes=\"auto, (max-width: 300px) 100vw, 300px\" \/> <img loading=\"lazy\" decoding=\"async\" class=\"alignnone size-medium wp-image-4755\" src=\"https:\/\/dirisukilisesi.org\/wp-content\/uploads\/2018\/08\/BedriVaaz02-Resim05-300x225.jpg\" alt=\"\" width=\"300\" height=\"225\" srcset=\"https:\/\/dirisukilisesi.org\/wp-content\/uploads\/2018\/08\/BedriVaaz02-Resim05-300x225.jpg 300w, https:\/\/dirisukilisesi.org\/wp-content\/uploads\/2018\/08\/BedriVaaz02-Resim05-450x338.jpg 450w, https:\/\/dirisukilisesi.org\/wp-content\/uploads\/2018\/08\/BedriVaaz02-Resim05.jpg 480w\" sizes=\"auto, (max-width: 300px) 100vw, 300px\" \/><\/p>\n","protected":false},"excerpt":{"rendered":"<p>30.06.20013 Luka 9: 57- 62 Yolda giderlerken bir adam \u0130sa\u2019ya, \u201cNereye gidersen, senin ard\u0131ndan gelece\u011fim\u201d dedi. \u0130sa ona, \u201cTilkilerin ini, ku\u015flar\u0131n yuvas\u0131 var, ama \u0130nsano\u011flunun ba\u015f\u0131n\u0131 yaslayacak bir yeri yok\u201d [&hellip;]<\/p>\n","protected":false},"author":3,"featured_media":4756,"comment_status":"open","ping_status":"open","sticky":false,"template":"","format":"standard","meta":{"footnotes":""},"categories":[50],"tags":[],"class_list":["post-4750","post","type-post","status-publish","format-standard","has-post-thumbnail","hentry","category-metin-vaazlar"],"_links":{"self":[{"href":"https:\/\/dirisukilisesi.org\/index.php\/wp-json\/wp\/v2\/posts\/4750","targetHints":{"allow":["GET"]}}],"collection":[{"href":"https:\/\/dirisukilisesi.org\/index.php\/wp-json\/wp\/v2\/posts"}],"about":[{"href":"https:\/\/dirisukilisesi.org\/index.php\/wp-json\/wp\/v2\/types\/post"}],"author":[{"embeddable":true,"href":"https:\/\/dirisukilisesi.org\/index.php\/wp-json\/wp\/v2\/users\/3"}],"replies":[{"embeddable":true,"href":"https:\/\/dirisukilisesi.org\/index.php\/wp-json\/wp\/v2\/comments?post=4750"}],"version-history":[{"count":0,"href":"https:\/\/dirisukilisesi.org\/index.php\/wp-json\/wp\/v2\/posts\/4750\/revisions"}],"wp:featuredmedia":[{"embeddable":true,"href":"https:\/\/dirisukilisesi.org\/index.php\/wp-json\/wp\/v2\/media\/4756"}],"wp:attachment":[{"href":"https:\/\/dirisukilisesi.org\/index.php\/wp-json\/wp\/v2\/media?parent=4750"}],"wp:term":[{"taxonomy":"category","embeddable":true,"href":"https:\/\/dirisukilisesi.org\/index.php\/wp-json\/wp\/v2\/categories?post=4750"},{"taxonomy":"post_tag","embeddable":true,"href":"https:\/\/dirisukilisesi.org\/index.php\/wp-json\/wp\/v2\/tags?post=4750"}],"curies":[{"name":"wp","href":"https:\/\/api.w.org\/{rel}","templated":true}]}}