{"id":6694,"date":"2019-04-21T16:54:21","date_gmt":"2019-04-21T13:54:21","guid":{"rendered":"https:\/\/dirisukilisesi.org\/?p=6694"},"modified":"2019-11-01T18:49:38","modified_gmt":"2019-11-01T15:49:38","slug":"mesih-olumlu-kaderimizi-degistirdi","status":"publish","type":"post","link":"https:\/\/dirisukilisesi.org\/index.php\/2019\/04\/21\/mesih-olumlu-kaderimizi-degistirdi\/","title":{"rendered":"Mesih \u00d6l\u00fcml\u00fc Kaderimizi De\u011fi\u015ftirdi"},"content":{"rendered":"<section  class='av_textblock_section av-juva6b5p-a21671ccb6b0d70adcb0b7f9203372d4'  itemscope=\"itemscope\" itemtype=\"https:\/\/schema.org\/BlogPosting\" itemprop=\"blogPost\" ><div class='avia_textblock'  itemprop=\"text\" ><h3 style=\"text-align: center;\">Mesih \u00d6l\u00fcml\u00fc Kaderimizi De\u011fi\u015ftirdi<\/h3>\n<p style=\"text-align: center;\">Bedri Peker 21.04.2019<\/p>\n<\/div><\/section>\n<div  class='avia-video av-juva6l4d-e581e3809b12fbe243be024f620c43d8 avia-video-16-9 av-no-preview-image avia-video-load-always avia-video-html5'  itemprop=\"video\" itemtype=\"https:\/\/schema.org\/VideoObject\"  data-original_url='https:\/\/dirisukilisesi.org\/wp-content\/uploads\/2019\/04\/21.04.2019Bedri.mp4'><video class='avia_video'    preload=\"auto\"  controls id='player_6694_469819412_607180958'><source src='https:\/\/dirisukilisesi.org\/wp-content\/uploads\/2019\/04\/21.04.2019Bedri.mp4' type='video\/mp4' \/><\/video><\/div>\n<div  class='av-buildercomment av-av_comments_list-efc336e1980f90400772811f3c75511f'><\/div>\n","protected":false},"excerpt":{"rendered":"","protected":false},"author":3,"featured_media":6697,"comment_status":"open","ping_status":"open","sticky":false,"template":"","format":"standard","meta":{"footnotes":""},"categories":[49],"tags":[],"class_list":["post-6694","post","type-post","status-publish","format-standard","has-post-thumbnail","hentry","category-gorsel-vaazlar"],"_links":{"self":[{"href":"https:\/\/dirisukilisesi.org\/index.php\/wp-json\/wp\/v2\/posts\/6694","targetHints":{"allow":["GET"]}}],"collection":[{"href":"https:\/\/dirisukilisesi.org\/index.php\/wp-json\/wp\/v2\/posts"}],"about":[{"href":"https:\/\/dirisukilisesi.org\/index.php\/wp-json\/wp\/v2\/types\/post"}],"author":[{"embeddable":true,"href":"https:\/\/dirisukilisesi.org\/index.php\/wp-json\/wp\/v2\/users\/3"}],"replies":[{"embeddable":true,"href":"https:\/\/dirisukilisesi.org\/index.php\/wp-json\/wp\/v2\/comments?post=6694"}],"version-history":[{"count":0,"href":"https:\/\/dirisukilisesi.org\/index.php\/wp-json\/wp\/v2\/posts\/6694\/revisions"}],"wp:featuredmedia":[{"embeddable":true,"href":"https:\/\/dirisukilisesi.org\/index.php\/wp-json\/wp\/v2\/media\/6697"}],"wp:attachment":[{"href":"https:\/\/dirisukilisesi.org\/index.php\/wp-json\/wp\/v2\/media?parent=6694"}],"wp:term":[{"taxonomy":"category","embeddable":true,"href":"https:\/\/dirisukilisesi.org\/index.php\/wp-json\/wp\/v2\/categories?post=6694"},{"taxonomy":"post_tag","embeddable":true,"href":"https:\/\/dirisukilisesi.org\/index.php\/wp-json\/wp\/v2\/tags?post=6694"}],"curies":[{"name":"wp","href":"https:\/\/api.w.org\/{rel}","templated":true}]}}