{"id":6858,"date":"2019-10-20T17:35:58","date_gmt":"2019-10-20T14:35:58","guid":{"rendered":"https:\/\/dirisukilisesi.org\/?p=6858"},"modified":"2019-11-01T18:44:43","modified_gmt":"2019-11-01T15:44:43","slug":"rabin-uyarisi-ve-ikinci-gelisi","status":"publish","type":"post","link":"https:\/\/dirisukilisesi.org\/index.php\/2019\/10\/20\/rabin-uyarisi-ve-ikinci-gelisi\/","title":{"rendered":"Rabin Uyar\u0131s\u0131 Ve \u0130kinci Geli\u015fi"},"content":{"rendered":"<section  class='av_textblock_section av-k2g8r5v7-305457a11eb987ca3763751637d07991'  itemscope=\"itemscope\" itemtype=\"https:\/\/schema.org\/BlogPosting\" itemprop=\"blogPost\" ><div class='avia_textblock'  itemprop=\"text\" ><h3 style=\"text-align: center;\">Rabin Uyar\u0131s\u0131 Ve \u0130kinci Geli\u015fi<\/h3>\n<p style=\"text-align: center;\">Adem Baytekin 20.10.2019<\/p>\n<\/div><\/section>\n<div  class='avia-video av-k2g8rt4v-db4c40ab285235ea4894229d28391c9b avia-video-16-9 av-no-preview-image avia-video-load-always avia-video-html5'  itemprop=\"video\" itemtype=\"https:\/\/schema.org\/VideoObject\"  data-original_url='https:\/\/dirisukilisesi.org\/wp-content\/uploads\/2019\/11\/20.10.2019Adem.mp4'><video class='avia_video'    preload=\"auto\"  controls id='player_6858_1428507214_728189422'><source src='https:\/\/dirisukilisesi.org\/wp-content\/uploads\/2019\/11\/20.10.2019Adem.mp4' type='video\/mp4' \/><\/video><\/div>\n<div  class='av-buildercomment av-av_comments_list-efc336e1980f90400772811f3c75511f'><\/div>\n","protected":false},"excerpt":{"rendered":"","protected":false},"author":5,"featured_media":6861,"comment_status":"open","ping_status":"open","sticky":false,"template":"","format":"standard","meta":{"footnotes":""},"categories":[49],"tags":[],"class_list":["post-6858","post","type-post","status-publish","format-standard","has-post-thumbnail","hentry","category-gorsel-vaazlar"],"_links":{"self":[{"href":"https:\/\/dirisukilisesi.org\/index.php\/wp-json\/wp\/v2\/posts\/6858","targetHints":{"allow":["GET"]}}],"collection":[{"href":"https:\/\/dirisukilisesi.org\/index.php\/wp-json\/wp\/v2\/posts"}],"about":[{"href":"https:\/\/dirisukilisesi.org\/index.php\/wp-json\/wp\/v2\/types\/post"}],"author":[{"embeddable":true,"href":"https:\/\/dirisukilisesi.org\/index.php\/wp-json\/wp\/v2\/users\/5"}],"replies":[{"embeddable":true,"href":"https:\/\/dirisukilisesi.org\/index.php\/wp-json\/wp\/v2\/comments?post=6858"}],"version-history":[{"count":0,"href":"https:\/\/dirisukilisesi.org\/index.php\/wp-json\/wp\/v2\/posts\/6858\/revisions"}],"wp:featuredmedia":[{"embeddable":true,"href":"https:\/\/dirisukilisesi.org\/index.php\/wp-json\/wp\/v2\/media\/6861"}],"wp:attachment":[{"href":"https:\/\/dirisukilisesi.org\/index.php\/wp-json\/wp\/v2\/media?parent=6858"}],"wp:term":[{"taxonomy":"category","embeddable":true,"href":"https:\/\/dirisukilisesi.org\/index.php\/wp-json\/wp\/v2\/categories?post=6858"},{"taxonomy":"post_tag","embeddable":true,"href":"https:\/\/dirisukilisesi.org\/index.php\/wp-json\/wp\/v2\/tags?post=6858"}],"curies":[{"name":"wp","href":"https:\/\/api.w.org\/{rel}","templated":true}]}}